{"id":3328,"date":"2019-03-13T09:45:51","date_gmt":"2019-03-13T08:45:51","guid":{"rendered":"http:\/\/paratraduccion.com\/doctorado\/?p=3328"},"modified":"2019-03-13T09:45:51","modified_gmt":"2019-03-13T08:45:51","slug":"convocatorias-de-prazas-de-lingua-e-literatura-galega-e-bolsas-en-planificacion-sociolinguistica","status":"publish","type":"post","link":"http:\/\/paratraduccion.com\/doctorado\/convocatorias-de-prazas-de-lingua-e-literatura-galega-e-bolsas-en-planificacion-sociolinguistica\/","title":{"rendered":"Convocatorias de prazas de lingua e literatura galega e bolsas en planificaci\u00f3n socioling\u00fc\u00edstica"},"content":{"rendered":"<h3 style=\"text-align: justify;\">Convocatorias de prazas de lingua e literatura galega e bolsas en planificaci\u00f3n socioling\u00fc\u00edstica<\/h3>\n<h4 style=\"text-align: justify;\">A Conseller\u00eda de Educaci\u00f3n publicou a convocatoria do proceso selectivo para o acceso ao corpo de profesorado de ensino secundario<\/h4>\n<p style=\"text-align: justify;\">No DOG do 8 de marzo, a Conseller\u00eda de Educaci\u00f3n, Universidade e Formaci\u00f3n Profesional publicou a <a href=\"https:\/\/gal.us13.list-manage.com\/track\/click?u=22033caa9896fe56e30adecaf&amp;id=1bb8366e45&amp;e=b1fda3bec8\" target=\"_blank\" rel=\"noopener\">convocatoria<\/a> dos procedementos selectivos de ingreso e acceso ao corpo de profesorado de diversas especialidades. Entre elas, incl\u00faense un total de 60 prazas para a especialidade de Lingua e Literatura Galega.<\/p>\n<p style=\"text-align: justify;\">O prazo de presentaci\u00f3n de solicitudes comeza hoxe e finaliza o primeiro de abril (15 d\u00edas h\u00e1biles) e a inscrici\u00f3n debe facerse a trav\u00e9s da <a href=\"https:\/\/gal.us13.list-manage.com\/track\/click?u=22033caa9896fe56e30adecaf&amp;id=33c54505c8&amp;e=b1fda3bec8\" target=\"_blank\" rel=\"noopener\">sede electr\u00f3nica da Xunta de Galicia<\/a>.<\/p>\n<p style=\"text-align: justify;\">M\u00e1is informaci\u00f3n <a href=\"https:\/\/gal.us13.list-manage.com\/track\/click?u=22033caa9896fe56e30adecaf&amp;id=a929b68448&amp;e=b1fda3bec8\" target=\"_blank\" rel=\"noopener\">aqu\u00ed<\/a>.<\/p>\n<p style=\"text-align: justify;\"><a href=\"https:\/\/gal.us13.list-manage.com\/track\/click?u=22033caa9896fe56e30adecaf&amp;id=e7113122f9&amp;e=b1fda3bec8\" target=\"_blank\" rel=\"noopener\">Convocatoria completa, en pdf.<\/a><\/p>\n<h4 style=\"text-align: justify;\">\nConvocatoria de prazas de profesorado de lingua galega para o IES Rafael Puga Ram\u00f3n<\/h4>\n<p style=\"text-align: justify;\">A Deputaci\u00f3n Provincial da Coru\u00f1a convocou varias prazas de profesorado para o <a href=\"https:\/\/gal.us13.list-manage.com\/track\/click?u=22033caa9896fe56e30adecaf&amp;id=4bab2b70ef&amp;e=b1fda3bec8\" target=\"_blank\" rel=\"noopener\">IES Rafael Puga Ram\u00f3n<\/a>, centro educativo dependente da instituci\u00f3n provincial. A convocatoria incl\u00fae tres prazas de profesor de lingua galega.<\/p>\n<p style=\"text-align: justify;\">As bases xerais e espec\u00edficas public\u00e1ronse no <a href=\"https:\/\/gal.us13.list-manage.com\/track\/click?u=22033caa9896fe56e30adecaf&amp;id=d9b0da619c&amp;e=b1fda3bec8\" target=\"_blank\" rel=\"noopener\">BOP da Coru\u00f1a do 15 de febreiro de 2019<\/a> (bases espec\u00edficas para o profesorado de lingua galega a partir da p\u00e1x. 47).<\/p>\n<p style=\"text-align: justify;\">O prazo de presentaci\u00f3n de instancias \u00e9 de 20 d\u00edas naturais desde o 5 de marzo, xa que o establece o anuncio da convocatoria publicado no <a href=\"https:\/\/gal.us13.list-manage.com\/track\/click?u=22033caa9896fe56e30adecaf&amp;id=dcc4e8493b&amp;e=b1fda3bec8\" target=\"_blank\" rel=\"noopener\">BOE do 4 de marzo<\/a>.<\/p>\n<h4 style=\"text-align: justify;\">\nConvocatoria de d\u00faas bolsas de investigaci\u00f3n na \u00e1rea de planificaci\u00f3n socioling\u00fc\u00edstica da lingua galega<\/h4>\n<p style=\"text-align: justify;\">A Deputaci\u00f3n Provincial da Coru\u00f1a publicou no BOP do 4 de marzo a <a href=\"https:\/\/gal.us13.list-manage.com\/track\/click?u=22033caa9896fe56e30adecaf&amp;id=295950f980&amp;e=b1fda3bec8\" target=\"_blank\" rel=\"noopener\">convocatoria de varias bolsas de investigaci\u00f3n<\/a>, entre as que figuran d\u00faas para o traballo na \u00e1rea da planificaci\u00f3n socioling\u00fc\u00edstica da lingua galega.<\/p>\n<p style=\"text-align: justify;\">A dotaci\u00f3n de cada bolsa \u00e9 de 8000 euros e o prazo para presentar a documentaci\u00f3n, que se debe enviar telematicamente a trav\u00e9s da <a href=\"https:\/\/gal.us13.list-manage.com\/track\/click?u=22033caa9896fe56e30adecaf&amp;id=0aff3f793b&amp;e=b1fda3bec8\" target=\"_blank\" rel=\"noopener\">sede electr\u00f3nica da Deputaci\u00f3n<\/a> (plataforma SUBTEL), remata o 5 de abril.<\/p>\n","protected":false},"excerpt":{"rendered":"<p>Convocatorias de prazas de lingua e literatura galega e bolsas en planificaci\u00f3n socioling\u00fc\u00edstica A Conseller\u00eda de Educaci\u00f3n publicou a convocatoria do proceso selectivo para o acceso<span class=\"excerpt-hellip\"> [\u2026]<\/span><\/p>\n","protected":false},"author":4,"featured_media":2489,"comment_status":"closed","ping_status":"open","sticky":false,"template":"","format":"standard","meta":{"footnotes":""},"categories":[23,7,25],"tags":[17,20,8,300],"class_list":["post-3328","post","type-post","status-publish","format-standard","has-post-thumbnail","hentry","category-blog","category-bolsas","category-top","tag-becas","tag-bolsa","tag-bolsas","tag-prazas"],"_links":{"self":[{"href":"http:\/\/paratraduccion.com\/doctorado\/wp-json\/wp\/v2\/posts\/3328","targetHints":{"allow":["GET"]}}],"collection":[{"href":"http:\/\/paratraduccion.com\/doctorado\/wp-json\/wp\/v2\/posts"}],"about":[{"href":"http:\/\/paratraduccion.com\/doctorado\/wp-json\/wp\/v2\/types\/post"}],"author":[{"embeddable":true,"href":"http:\/\/paratraduccion.com\/doctorado\/wp-json\/wp\/v2\/users\/4"}],"replies":[{"embeddable":true,"href":"http:\/\/paratraduccion.com\/doctorado\/wp-json\/wp\/v2\/comments?post=3328"}],"version-history":[{"count":3,"href":"http:\/\/paratraduccion.com\/doctorado\/wp-json\/wp\/v2\/posts\/3328\/revisions"}],"predecessor-version":[{"id":3331,"href":"http:\/\/paratraduccion.com\/doctorado\/wp-json\/wp\/v2\/posts\/3328\/revisions\/3331"}],"wp:featuredmedia":[{"embeddable":true,"href":"http:\/\/paratraduccion.com\/doctorado\/wp-json\/wp\/v2\/media\/2489"}],"wp:attachment":[{"href":"http:\/\/paratraduccion.com\/doctorado\/wp-json\/wp\/v2\/media?parent=3328"}],"wp:term":[{"taxonomy":"category","embeddable":true,"href":"http:\/\/paratraduccion.com\/doctorado\/wp-json\/wp\/v2\/categories?post=3328"},{"taxonomy":"post_tag","embeddable":true,"href":"http:\/\/paratraduccion.com\/doctorado\/wp-json\/wp\/v2\/tags?post=3328"}],"curies":[{"name":"wp","href":"https:\/\/api.w.org\/{rel}","templated":true}]}}