{"id":732,"date":"2017-02-16T00:01:00","date_gmt":"2017-02-15T23:01:00","guid":{"rendered":"http:\/\/paratraduccion.com\/doctorado\/?p=732"},"modified":"2017-02-16T01:43:33","modified_gmt":"2017-02-16T00:43:33","slug":"listaxe-provisional-de-admitidos-no-programa-de-doutoramento-convocatoria-de-febreiro-de-2017","status":"publish","type":"post","link":"https:\/\/paratraduccion.com\/doctorado\/listaxe-provisional-de-admitidos-no-programa-de-doutoramento-convocatoria-de-febreiro-de-2017\/","title":{"rendered":"Listaxe provisional de admitidos no Programa de doutoramento. Convocatoria de febreiro de 2017"},"content":{"rendered":"<h2>Listaxe provisional de admitidos no Programa de doutoramento. Convocatoria de febreiro de 2017<\/h2>\n<p style=\"padding-left: 30px;\"><strong>Programa de doutoramento en Traduci\u00f3n e paratraduci\u00f3n<\/strong><\/p>\n<p style=\"padding-left: 30px;\"><strong>Curso<\/strong><strong>\u00a0<\/strong><strong>2016-17<\/strong>\u00a0<strong>\u2013<\/strong>\u00a0<strong>Segundo<\/strong><strong>\u00a0<\/strong><strong>prazo de matr\u00edcula<\/strong><\/p>\n<p style=\"padding-left: 30px;\">Examinada a documentaci\u00f3n remitida polas candidatas preinscritas no programa, a Comisi\u00f3n acad\u00e9mica do Programa de doutoramento en Traduci\u00f3n &amp; Paratraduci\u00f3n acorda aprobar a seguinte<\/p>\n<p style=\"padding-left: 30px;\">LISTAXE PROVISIONAL DE ADMITIDAS NO PROCESO DE PREINSCRICI\u00d3N<\/p>\n<p style=\"padding-left: 30px;\"><!--more--><\/p>\n<p style=\"padding-left: 60px;\"><strong>Admitidas<\/strong><\/p>\n<p style=\"padding-left: 60px;\">Alonso Ara\u00fajo, Raquel<\/p>\n<p style=\"padding-left: 60px;\">Andr\u00e9s Pad\u00edn, Tamara<\/p>\n<p style=\"padding-left: 60px;\">Aymerich Correa, Tamara<\/p>\n<p style=\"padding-left: 60px;\">Han, Mengye<\/p>\n<p style=\"padding-left: 60px;\">Jaskovich Pierce, Jacobo<\/p>\n<p style=\"padding-left: 60px;\">Mart\u00ednez Gonz\u00e1lez, Laura<\/p>\n<p style=\"padding-left: 60px;\">Montero Barros, Itziar<\/p>\n<p style=\"padding-left: 30px;\">Vigo, 15 de febreiro de 2017.<\/p>\n<p style=\"padding-left: 30px;\">Pr\u00f3ximas datas relevantes: 23 de febreiro (publicaci\u00f3n da listaxe definitiva), 24-28 de febreiro (matr\u00edcula). <a href=\"http:\/\/paratraduccion.com\/doctorado\/matricula\/\" target=\"_blank\">Consulta aqu\u00ed o calendario completo.<\/a><\/p>\n<p>&nbsp;<\/p>\n","protected":false},"excerpt":{"rendered":"<p>Listaxe provisional de admitidos no Programa de doutoramento. Convocatoria de febreiro de 2017 Programa de doutoramento en Traduci\u00f3n e paratraduci\u00f3n Curso\u00a02016-17\u00a0\u2013\u00a0Segundo\u00a0prazo de matr\u00edcula Examinada a documentaci\u00f3n<span class=\"excerpt-hellip\"> [\u2026]<\/span><\/p>\n","protected":false},"author":2,"featured_media":0,"comment_status":"closed","ping_status":"open","sticky":false,"template":"","format":"standard","meta":{"footnotes":""},"categories":[1],"tags":[6,36],"class_list":["post-732","post","type-post","status-publish","format-standard","hentry","category-sin-categoria","tag-featured","tag-matricula"],"_links":{"self":[{"href":"https:\/\/paratraduccion.com\/doctorado\/wp-json\/wp\/v2\/posts\/732","targetHints":{"allow":["GET"]}}],"collection":[{"href":"https:\/\/paratraduccion.com\/doctorado\/wp-json\/wp\/v2\/posts"}],"about":[{"href":"https:\/\/paratraduccion.com\/doctorado\/wp-json\/wp\/v2\/types\/post"}],"author":[{"embeddable":true,"href":"https:\/\/paratraduccion.com\/doctorado\/wp-json\/wp\/v2\/users\/2"}],"replies":[{"embeddable":true,"href":"https:\/\/paratraduccion.com\/doctorado\/wp-json\/wp\/v2\/comments?post=732"}],"version-history":[{"count":9,"href":"https:\/\/paratraduccion.com\/doctorado\/wp-json\/wp\/v2\/posts\/732\/revisions"}],"predecessor-version":[{"id":757,"href":"https:\/\/paratraduccion.com\/doctorado\/wp-json\/wp\/v2\/posts\/732\/revisions\/757"}],"wp:attachment":[{"href":"https:\/\/paratraduccion.com\/doctorado\/wp-json\/wp\/v2\/media?parent=732"}],"wp:term":[{"taxonomy":"category","embeddable":true,"href":"https:\/\/paratraduccion.com\/doctorado\/wp-json\/wp\/v2\/categories?post=732"},{"taxonomy":"post_tag","embeddable":true,"href":"https:\/\/paratraduccion.com\/doctorado\/wp-json\/wp\/v2\/tags?post=732"}],"curies":[{"name":"wp","href":"https:\/\/api.w.org\/{rel}","templated":true}]}}