{"id":896315,"date":"2024-10-03T11:42:59","date_gmt":"2024-10-03T10:42:59","guid":{"rendered":"https:\/\/paratraduccion.com\/doctorado\/?p=896315"},"modified":"2024-10-24T14:22:10","modified_gmt":"2024-10-24T13:22:10","slug":"coloquio-sobre-investigacion","status":"publish","type":"post","link":"https:\/\/paratraduccion.com\/doctorado\/coloquio-sobre-investigacion\/","title":{"rendered":"Coloquio sobre investigaci\u00f3n"},"content":{"rendered":"<p style=\"text-align: justify;\">Tras haber aceptado la amable invitaci\u00f3n de Alberto \u00c1lvarez Lugr\u00eds y Mar\u00eda M\u00e9ndez Santos, dentro de la <a href=\"https:\/\/semanallt.uvigo.gal\/\" target=\"_blank\" rel=\"noopener\"><em>Semana internacional de las lenguas, las literaturas y la traducci\u00f3n<\/em><\/a>, hoy la Dra. D.\u00aa Ana Luna Alonso y el Dr. D. Jos\u00e9 Yuste Fr\u00edas, han participado, de 11.00 h a 13.00 h y en el Museo Marco de la ciudad de Vigo, en la <strong>Jornada Investiga<\/strong> organizada por Alberto \u00c1lvarez Lugr\u00eds y Mar\u00eda M\u00e9ndez Santos en la que se ha llevado a cabo un mucho m\u00e1s que animado coloquio con el alumnado de tercer ciclo de la FFT que durante toda la ma\u00f1ana ha expuesto sus l\u00edneas de investigaci\u00f3n en plena calle Pr\u00edncipe de Vigo con sus p\u00f3steres respectivos.<\/p>\n<p><img loading=\"lazy\" decoding=\"async\" class=\"aligncenter wp-image-896317 size-large\" src=\"https:\/\/paratraduccion.com\/doctorado\/wp-content\/uploads\/2024\/10\/2024_Semana-das-linguas-as-literaturas-e-a-traducion_02-1024x696.jpeg\" alt=\"\" width=\"1024\" height=\"696\" srcset=\"https:\/\/paratraduccion.com\/doctorado\/wp-content\/uploads\/2024\/10\/2024_Semana-das-linguas-as-literaturas-e-a-traducion_02-1024x696.jpeg 1024w, https:\/\/paratraduccion.com\/doctorado\/wp-content\/uploads\/2024\/10\/2024_Semana-das-linguas-as-literaturas-e-a-traducion_02-300x204.jpeg 300w, https:\/\/paratraduccion.com\/doctorado\/wp-content\/uploads\/2024\/10\/2024_Semana-das-linguas-as-literaturas-e-a-traducion_02-768x522.jpeg 768w, https:\/\/paratraduccion.com\/doctorado\/wp-content\/uploads\/2024\/10\/2024_Semana-das-linguas-as-literaturas-e-a-traducion_02-1536x1044.jpeg 1536w, https:\/\/paratraduccion.com\/doctorado\/wp-content\/uploads\/2024\/10\/2024_Semana-das-linguas-as-literaturas-e-a-traducion_02-110x75.jpeg 110w, https:\/\/paratraduccion.com\/doctorado\/wp-content\/uploads\/2024\/10\/2024_Semana-das-linguas-as-literaturas-e-a-traducion_02-480x326.jpeg 480w, https:\/\/paratraduccion.com\/doctorado\/wp-content\/uploads\/2024\/10\/2024_Semana-das-linguas-as-literaturas-e-a-traducion_02.jpeg 1600w\" sizes=\"auto, (max-width:767px) 480px, (max-width:1024px) 100vw, 1024px\" \/><\/p>\n<p>Estos son los PDF de los p\u00f3steres de los\/as doctorandos\/as de nuestro <strong>Programa Doctoral Internacional en Traducci\u00f3n <span style=\"color: #808080;\">&amp;<\/span> <span style=\"color: #ff0000;\">Para<\/span>traducci\u00f3n (T<span style=\"color: #808080;\">&amp;<\/span><span style=\"color: #ff0000;\">P<\/span>)<\/strong><\/p>\n<ul>\n<li><a href=\"https:\/\/paratraduccion.com\/doctorado\/wp-content\/uploads\/2024\/10\/Poster-de-Carla-Miguez-Boveda.pdf\" target=\"_blank\" rel=\"noopener\">P\u00f3ster de Carla Miguez B\u00f3veda<\/a><\/li>\n<li><a href=\"https:\/\/paratraduccion.com\/doctorado\/wp-content\/uploads\/2024\/10\/Poster-de-Ana-Iglesias-Perez.pdf\" target=\"_blank\" rel=\"noopener\">P\u00f3ster de Ana Iglesias P\u00e9rez<\/a><\/li>\n<li><a href=\"https:\/\/paratraduccion.com\/doctorado\/wp-content\/uploads\/2024\/10\/Poster-Maria-Blanca-Miranda-Rodas.pdf\" target=\"_blank\" rel=\"noopener\">P\u00f3ster de Mar\u00eda Blanca Miranda Rodas<\/a><\/li>\n<li><a href=\"https:\/\/paratraduccion.com\/doctorado\/wp-content\/uploads\/2024\/10\/Poster-de-Mustapha-Touiza.pdf\" target=\"_blank\" rel=\"noopener\">P\u00f3ster de Mustapha Touiza<\/a><\/li>\n<\/ul>\n<p><img loading=\"lazy\" decoding=\"async\" class=\"aligncenter wp-image-896325 size-large\" src=\"https:\/\/paratraduccion.com\/doctorado\/wp-content\/uploads\/2024\/10\/Foto_Xornada_INVESTIGA-2024-1024x768.jpg\" alt=\"\" width=\"1024\" height=\"768\" srcset=\"https:\/\/paratraduccion.com\/doctorado\/wp-content\/uploads\/2024\/10\/Foto_Xornada_INVESTIGA-2024-1024x768.jpg 1024w, https:\/\/paratraduccion.com\/doctorado\/wp-content\/uploads\/2024\/10\/Foto_Xornada_INVESTIGA-2024-300x225.jpg 300w, https:\/\/paratraduccion.com\/doctorado\/wp-content\/uploads\/2024\/10\/Foto_Xornada_INVESTIGA-2024-768x576.jpg 768w, https:\/\/paratraduccion.com\/doctorado\/wp-content\/uploads\/2024\/10\/Foto_Xornada_INVESTIGA-2024-1536x1152.jpg 1536w, https:\/\/paratraduccion.com\/doctorado\/wp-content\/uploads\/2024\/10\/Foto_Xornada_INVESTIGA-2024-100x75.jpg 100w, https:\/\/paratraduccion.com\/doctorado\/wp-content\/uploads\/2024\/10\/Foto_Xornada_INVESTIGA-2024-480x360.jpg 480w, https:\/\/paratraduccion.com\/doctorado\/wp-content\/uploads\/2024\/10\/Foto_Xornada_INVESTIGA-2024.jpg 1600w\" sizes=\"auto, (max-width:767px) 480px, (max-width:1024px) 100vw, 1024px\" \/><\/p>\n","protected":false},"excerpt":{"rendered":"<p>Tras haber aceptado la amable invitaci\u00f3n de Alberto \u00c1lvarez Lugr\u00eds y Mar\u00eda M\u00e9ndez Santos, dentro de la Semana internacional de las lenguas, las literaturas y la<span class=\"excerpt-hellip\"> [\u2026]<\/span><\/p>\n","protected":false},"author":5,"featured_media":896316,"comment_status":"closed","ping_status":"closed","sticky":false,"template":"","format":"standard","meta":{"footnotes":""},"categories":[23],"tags":[],"class_list":["post-896315","post","type-post","status-publish","format-standard","has-post-thumbnail","hentry","category-blog"],"_links":{"self":[{"href":"https:\/\/paratraduccion.com\/doctorado\/wp-json\/wp\/v2\/posts\/896315","targetHints":{"allow":["GET"]}}],"collection":[{"href":"https:\/\/paratraduccion.com\/doctorado\/wp-json\/wp\/v2\/posts"}],"about":[{"href":"https:\/\/paratraduccion.com\/doctorado\/wp-json\/wp\/v2\/types\/post"}],"author":[{"embeddable":true,"href":"https:\/\/paratraduccion.com\/doctorado\/wp-json\/wp\/v2\/users\/5"}],"replies":[{"embeddable":true,"href":"https:\/\/paratraduccion.com\/doctorado\/wp-json\/wp\/v2\/comments?post=896315"}],"version-history":[{"count":5,"href":"https:\/\/paratraduccion.com\/doctorado\/wp-json\/wp\/v2\/posts\/896315\/revisions"}],"predecessor-version":[{"id":896327,"href":"https:\/\/paratraduccion.com\/doctorado\/wp-json\/wp\/v2\/posts\/896315\/revisions\/896327"}],"wp:featuredmedia":[{"embeddable":true,"href":"https:\/\/paratraduccion.com\/doctorado\/wp-json\/wp\/v2\/media\/896316"}],"wp:attachment":[{"href":"https:\/\/paratraduccion.com\/doctorado\/wp-json\/wp\/v2\/media?parent=896315"}],"wp:term":[{"taxonomy":"category","embeddable":true,"href":"https:\/\/paratraduccion.com\/doctorado\/wp-json\/wp\/v2\/categories?post=896315"},{"taxonomy":"post_tag","embeddable":true,"href":"https:\/\/paratraduccion.com\/doctorado\/wp-json\/wp\/v2\/tags?post=896315"}],"curies":[{"name":"wp","href":"https:\/\/api.w.org\/{rel}","templated":true}]}}